{"id":3258,"date":"2021-09-02T13:51:43","date_gmt":"2021-09-02T11:51:43","guid":{"rendered":"https:\/\/camping-lariviere.com\/?p=3258"},"modified":"2023-02-03T11:05:46","modified_gmt":"2023-02-03T10:05:46","slug":"les-marches-les-plus-appetissants-du-luberon","status":"publish","type":"post","link":"https:\/\/camping-lariviere.com\/fr\/blog\/les-marches-les-plus-appetissants-du-luberon\/","title":{"rendered":"Les march\u00e9s les plus app\u00e9tissants du Luberon"},"content":{"rendered":"<p>La richesse d\u2019une r\u00e9gion passe aussi par sa gastronomie. C\u2019est pour cela que <strong>les march\u00e9s sont des lieux privil\u00e9gi\u00e9s<\/strong> o\u00f9 se rendre pour compl\u00e9ter sa perspective d\u2019un lieu donn\u00e9. Le Luberon est particuli\u00e8rement bien dot\u00e9 en march\u00e9 de producteurs, comme nous allons le voir dans ce top 10 des incontournables \u00e0 visiter \u00e0 l\u2019occasion de votre s\u00e9jour au <a href=\"https:\/\/camping-lariviere.com\/fr\/\">Camping 3 \u00e9toiles dans le Luberon.<\/a><\/p>\n<h2>Le march\u00e9 de Gordes<\/h2>\n<p>Id\u00e9alement situ\u00e9 au c\u0153ur du Luberon, le Camping la Rivi\u00e8re vous permet de rayonner dans tous les villages des environs, et notamment \u00e0 <a href=\"\/fr\/blog\/visiter-gordes\/\"><strong>Gordes<\/strong><\/a> o\u00f9 vous trouverez, Place du Monument, un <strong>march\u00e9 proven\u00e7al<\/strong> o\u00f9 se r\u00e9unissent tous les mardis matins des exposants qui vont vous r\u00e9galer.<\/p>\n<h2>Le march\u00e9 d\u2019Isle-sur-la-Sorgue<\/h2>\n<p>\u00c0 une heure de route du Camping La Rivi\u00e8re, le march\u00e9 de la <strong>ville de naissance de Ren\u00e9 Char<\/strong> \u00e0 l&rsquo;<a href=\"\/fr\/isle-sur-la-sorgue\/\">Isle sur la Sorgue<\/a> est un des plus populaires du Luberon. Tous les dimanches matin de 8h \u00e0 13h, venez profiter de son <strong>cadre exceptionnel et de ses saveurs<\/strong>.<\/p>\n<h2>Le march\u00e9 de Roussillon<\/h2>\n<p>Au <strong>march\u00e9 de Roussillon<\/strong>, on trouve tous les jeudis de 9h \u00e0 12h et toute l\u2019ann\u00e9e les d\u00e9lices gastronomiques de la r\u00e9gion : truffes, olives, melon, cerises, fraises, huile d\u2019olive, miels, fromages de ch\u00e8vre, vins AOC, etc.<\/p>\n<h2>Le march\u00e9 d\u2019Apt<\/h2>\n<p>\u00c0 40 minutes de route du Camping La Rivi\u00e8re vous attend un <strong>incontournable de la r\u00e9gion<\/strong>,<strong> labellis\u00e9 \u00ab March\u00e9 d\u2019exception fran\u00e7ais \u00bb<\/strong>. Vieux de 5 si\u00e8cles, il est ouvert tous les mardis.<\/p>\n<h2>Le march\u00e9 de Lourmarin<\/h2>\n<p>La <strong>d\u00e9licieuse ville de Lourmarin<\/strong> poss\u00e8de elle aussi son march\u00e9 gourmand, entre la place Henri Barth\u00e9l\u00e9my et le boulevard de Rayol. C\u2019est le vendredi matin que vous pourrez profiter d\u2019une s\u00e9lection du meilleur de la production gastronomique locale.<\/p>\n<p><iframe loading=\"lazy\" src=\"\/\/embedftv-a.akamaihd.net\/8e2bdd6553664beaaec6c5e9a52dcbf4\" width=\"100%\" height=\"315\" frameborder=\"0\" scrolling=\"no\" allowfullscreen=\"allowfullscreen\"><\/iframe><\/p>\n<h2>Le march\u00e9 de Cavaillon<\/h2>\n<p>\u00c0 <strong>Cavaillon<\/strong>, tous les lundis matins, plus de 200 stands sont dress\u00e9s entre 8h et 13h autour de la place Philippe de Cabassole. \u00c0 Cavaillon, c\u2019est le melon, mais aussi bien d\u2019autres <strong>d\u00e9lices frais en direct du producteur<\/strong> !<\/p>\n<h2>Le march\u00e9 de Manosque<\/h2>\n<p>\u00c0 moins de 20 minutes de votre camping, <strong>d\u00e9couvrez chaque samedi matin le march\u00e9 de Manosque<\/strong> en plein c\u0153ur de ville. \u00c9tendu sur plusieurs places : H\u00f4tel de Ville, Marcel Pagnol, Terreau, on y trouve produits alimentaires et autres articles typiques du Luberon.<\/p>\n<h2>Le march\u00e9 de Forcalquier<\/h2>\n<p>Forcalquier est un <strong>charmant petit village<\/strong> \u00e0 12 minutes de route du Camping La Rivi\u00e8re. Si vous vous y rendez en \u00e9t\u00e9, il sera ouvert du mardi au dimanche, avec ses <strong>200 \u00e9tals et d\u00e9licieux produits proven\u00e7aux<\/strong>.<\/p>\n<h2>Le march\u00e9 de Bonnieux<\/h2>\n<p>C\u2019est le vendredi matin que le <strong>march\u00e9 de Bonnieux<\/strong> ouvre ses portes, pour proposer aux touristes comme aux locaux les d\u00e9lices de la r\u00e9gion, sur la place Gambetta et son incroyable panorama sur le village et ses environs.<\/p>\n<h2>Le march\u00e9 de Pertuis<\/h2>\n<p>Encore un <strong>incontournable du Luberon<\/strong>, le march\u00e9 de Pertuis et ses producteurs locaux, artisans de bijoux, de pr\u00eat-\u00e0-porter, mais aussi forains, qui se partagent sous les platanes un vaste espace s\u2019\u00e9tendant de la place Jean-Jaur\u00e8s \u00e0 celle du 4 septembre.<\/p>\n","protected":false},"excerpt":{"rendered":"<p>La richesse d\u2019une r\u00e9gion passe aussi par sa gastronomie. C\u2019est pour cela que les march\u00e9s sont des lieux privil\u00e9gi\u00e9s o\u00f9 se rendre pour compl\u00e9ter sa perspective d\u2019un lieu donn\u00e9. Le Luberon est particuli\u00e8rement bien dot\u00e9 en march\u00e9 de producteurs, comme nous allons le voir dans ce top 10 des incontournables \u00e0 visiter \u00e0 l\u2019occasion de [&hellip;]<\/p>\n","protected":false},"author":6,"featured_media":3261,"comment_status":"closed","ping_status":"closed","sticky":false,"template":"","format":"standard","meta":{"_acf_changed":false,"footnotes":""},"categories":[16],"tags":[],"class_list":["post-3258","post","type-post","status-publish","format-standard","has-post-thumbnail","hentry","category-blog"],"acf":[],"yoast_head":"<!-- This site is optimized with the Yoast SEO plugin v23.4 - https:\/\/yoast.com\/wordpress\/plugins\/seo\/ -->\n<title>D\u00e9couvrez les march\u00e9s les plus app\u00e9tissants du Lub\u00e9ron<\/title>\n<meta name=\"description\" content=\"Les march\u00e9s du Lub\u00e9ron sont des lieux privil\u00e9gi\u00e9s pour d\u00e9couvrir les bons produits de la r\u00e9gion et rencontrer les producteurs.\" \/>\n<meta name=\"robots\" content=\"index, follow, max-snippet:-1, max-image-preview:large, max-video-preview:-1\" \/>\n<link rel=\"canonical\" href=\"https:\/\/camping-lariviere.com\/fr\/blog\/les-marches-les-plus-appetissants-du-luberon\/\" \/>\n<meta property=\"og:locale\" content=\"fr_FR\" \/>\n<meta property=\"og:type\" content=\"article\" \/>\n<meta property=\"og:title\" content=\"D\u00e9couvrez les march\u00e9s les plus app\u00e9tissants du Lub\u00e9ron\" \/>\n<meta property=\"og:description\" content=\"Les march\u00e9s du Lub\u00e9ron sont des lieux privil\u00e9gi\u00e9s pour d\u00e9couvrir les bons produits de la r\u00e9gion et rencontrer les producteurs.\" \/>\n<meta property=\"og:url\" content=\"https:\/\/camping-lariviere.com\/fr\/blog\/les-marches-les-plus-appetissants-du-luberon\/\" \/>\n<meta property=\"og:site_name\" content=\"Camping la Rivi\u00e8re\" \/>\n<meta property=\"article:published_time\" content=\"2021-09-02T11:51:43+00:00\" \/>\n<meta property=\"article:modified_time\" content=\"2023-02-03T10:05:46+00:00\" \/>\n<meta property=\"og:image\" content=\"https:\/\/camping-lariviere.com\/wp-content\/uploads\/2021\/08\/marches-provence.jpg\" \/>\n\t<meta property=\"og:image:width\" content=\"1900\" \/>\n\t<meta property=\"og:image:height\" content=\"500\" \/>\n\t<meta property=\"og:image:type\" content=\"image\/jpeg\" \/>\n<meta name=\"author\" content=\"Transeo\" \/>\n<meta name=\"twitter:card\" content=\"summary_large_image\" \/>\n<meta name=\"twitter:label1\" content=\"\u00c9crit par\" \/>\n\t<meta name=\"twitter:data1\" content=\"Transeo\" \/>\n\t<meta name=\"twitter:label2\" content=\"Dur\u00e9e de lecture estim\u00e9e\" \/>\n\t<meta name=\"twitter:data2\" content=\"3 minutes\" \/>\n<script type=\"application\/ld+json\" class=\"yoast-schema-graph\">{\"@context\":\"https:\/\/schema.org\",\"@graph\":[{\"@type\":\"Article\",\"@id\":\"https:\/\/camping-lariviere.com\/fr\/blog\/les-marches-les-plus-appetissants-du-luberon\/#article\",\"isPartOf\":{\"@id\":\"https:\/\/camping-lariviere.com\/fr\/blog\/les-marches-les-plus-appetissants-du-luberon\/\"},\"author\":{\"name\":\"Transeo\",\"@id\":\"https:\/\/camping-lariviere.com\/fr\/#\/schema\/person\/cae28d6cba7ae3261b3b6e6eab8ea0f4\"},\"headline\":\"Les march\u00e9s les plus app\u00e9tissants du Luberon\",\"datePublished\":\"2021-09-02T11:51:43+00:00\",\"dateModified\":\"2023-02-03T10:05:46+00:00\",\"mainEntityOfPage\":{\"@id\":\"https:\/\/camping-lariviere.com\/fr\/blog\/les-marches-les-plus-appetissants-du-luberon\/\"},\"wordCount\":538,\"publisher\":{\"@id\":\"https:\/\/camping-lariviere.com\/fr\/#organization\"},\"image\":{\"@id\":\"https:\/\/camping-lariviere.com\/fr\/blog\/les-marches-les-plus-appetissants-du-luberon\/#primaryimage\"},\"thumbnailUrl\":\"https:\/\/camping-lariviere.com\/wp-content\/uploads\/2021\/08\/marches-provence.jpg\",\"articleSection\":[\"Blog\"],\"inLanguage\":\"fr-FR\"},{\"@type\":\"WebPage\",\"@id\":\"https:\/\/camping-lariviere.com\/fr\/blog\/les-marches-les-plus-appetissants-du-luberon\/\",\"url\":\"https:\/\/camping-lariviere.com\/fr\/blog\/les-marches-les-plus-appetissants-du-luberon\/\",\"name\":\"D\u00e9couvrez les march\u00e9s les plus app\u00e9tissants du Lub\u00e9ron\",\"isPartOf\":{\"@id\":\"https:\/\/camping-lariviere.com\/fr\/#website\"},\"primaryImageOfPage\":{\"@id\":\"https:\/\/camping-lariviere.com\/fr\/blog\/les-marches-les-plus-appetissants-du-luberon\/#primaryimage\"},\"image\":{\"@id\":\"https:\/\/camping-lariviere.com\/fr\/blog\/les-marches-les-plus-appetissants-du-luberon\/#primaryimage\"},\"thumbnailUrl\":\"https:\/\/camping-lariviere.com\/wp-content\/uploads\/2021\/08\/marches-provence.jpg\",\"datePublished\":\"2021-09-02T11:51:43+00:00\",\"dateModified\":\"2023-02-03T10:05:46+00:00\",\"description\":\"Les march\u00e9s du Lub\u00e9ron sont des lieux privil\u00e9gi\u00e9s pour d\u00e9couvrir les bons produits de la r\u00e9gion et rencontrer les producteurs.\",\"breadcrumb\":{\"@id\":\"https:\/\/camping-lariviere.com\/fr\/blog\/les-marches-les-plus-appetissants-du-luberon\/#breadcrumb\"},\"inLanguage\":\"fr-FR\",\"potentialAction\":[{\"@type\":\"ReadAction\",\"target\":[\"https:\/\/camping-lariviere.com\/fr\/blog\/les-marches-les-plus-appetissants-du-luberon\/\"]}]},{\"@type\":\"ImageObject\",\"inLanguage\":\"fr-FR\",\"@id\":\"https:\/\/camping-lariviere.com\/fr\/blog\/les-marches-les-plus-appetissants-du-luberon\/#primaryimage\",\"url\":\"https:\/\/camping-lariviere.com\/wp-content\/uploads\/2021\/08\/marches-provence.jpg\",\"contentUrl\":\"https:\/\/camping-lariviere.com\/wp-content\/uploads\/2021\/08\/marches-provence.jpg\",\"width\":1900,\"height\":500,\"caption\":\"March\u00e9 du Lub\u00e9ron\"},{\"@type\":\"BreadcrumbList\",\"@id\":\"https:\/\/camping-lariviere.com\/fr\/blog\/les-marches-les-plus-appetissants-du-luberon\/#breadcrumb\",\"itemListElement\":[{\"@type\":\"ListItem\",\"position\":1,\"name\":\"Camping Luberon\",\"item\":\"https:\/\/camping-lariviere.com\/fr\/\"},{\"@type\":\"ListItem\",\"position\":2,\"name\":\"Blog\",\"item\":\"https:\/\/camping-lariviere.com\/fr\/blog\/\"},{\"@type\":\"ListItem\",\"position\":3,\"name\":\"Les march\u00e9s les plus app\u00e9tissants du Luberon\"}]},{\"@type\":\"WebSite\",\"@id\":\"https:\/\/camping-lariviere.com\/fr\/#website\",\"url\":\"https:\/\/camping-lariviere.com\/fr\/\",\"name\":\"Camping la Rivi\u00e8re\",\"description\":\"\",\"publisher\":{\"@id\":\"https:\/\/camping-lariviere.com\/fr\/#organization\"},\"potentialAction\":[{\"@type\":\"SearchAction\",\"target\":{\"@type\":\"EntryPoint\",\"urlTemplate\":\"https:\/\/camping-lariviere.com\/fr\/?s={search_term_string}\"},\"query-input\":{\"@type\":\"PropertyValueSpecification\",\"valueRequired\":true,\"valueName\":\"search_term_string\"}}],\"inLanguage\":\"fr-FR\"},{\"@type\":\"Organization\",\"@id\":\"https:\/\/camping-lariviere.com\/fr\/#organization\",\"name\":\"Camping La Rivi\u00e8re\",\"url\":\"https:\/\/camping-lariviere.com\/fr\/\",\"logo\":{\"@type\":\"ImageObject\",\"inLanguage\":\"fr-FR\",\"@id\":\"https:\/\/camping-lariviere.com\/fr\/#\/schema\/logo\/image\/\",\"url\":\"https:\/\/camping-lariviere.com\/wp-content\/uploads\/2020\/10\/camping-la-riviere-logo.png\",\"contentUrl\":\"https:\/\/camping-lariviere.com\/wp-content\/uploads\/2020\/10\/camping-la-riviere-logo.png\",\"width\":260,\"height\":210,\"caption\":\"Camping La Rivi\u00e8re\"},\"image\":{\"@id\":\"https:\/\/camping-lariviere.com\/fr\/#\/schema\/logo\/image\/\"}},{\"@type\":\"Person\",\"@id\":\"https:\/\/camping-lariviere.com\/fr\/#\/schema\/person\/cae28d6cba7ae3261b3b6e6eab8ea0f4\",\"name\":\"Transeo\",\"image\":{\"@type\":\"ImageObject\",\"inLanguage\":\"fr-FR\",\"@id\":\"https:\/\/camping-lariviere.com\/fr\/#\/schema\/person\/image\/\",\"url\":\"https:\/\/secure.gravatar.com\/avatar\/0c16df0ad7c2590067ff0370080470a26db9529636afb20f19819c043a528c6d?s=96&d=mm&r=g\",\"contentUrl\":\"https:\/\/secure.gravatar.com\/avatar\/0c16df0ad7c2590067ff0370080470a26db9529636afb20f19819c043a528c6d?s=96&d=mm&r=g\",\"caption\":\"Transeo\"}}]}<\/script>\n<!-- \/ Yoast SEO plugin. -->","yoast_head_json":{"title":"D\u00e9couvrez les march\u00e9s les plus app\u00e9tissants du Lub\u00e9ron","description":"Les march\u00e9s du Lub\u00e9ron sont des lieux privil\u00e9gi\u00e9s pour d\u00e9couvrir les bons produits de la r\u00e9gion et rencontrer les producteurs.","robots":{"index":"index","follow":"follow","max-snippet":"max-snippet:-1","max-image-preview":"max-image-preview:large","max-video-preview":"max-video-preview:-1"},"canonical":"https:\/\/camping-lariviere.com\/fr\/blog\/les-marches-les-plus-appetissants-du-luberon\/","og_locale":"fr_FR","og_type":"article","og_title":"D\u00e9couvrez les march\u00e9s les plus app\u00e9tissants du Lub\u00e9ron","og_description":"Les march\u00e9s du Lub\u00e9ron sont des lieux privil\u00e9gi\u00e9s pour d\u00e9couvrir les bons produits de la r\u00e9gion et rencontrer les producteurs.","og_url":"https:\/\/camping-lariviere.com\/fr\/blog\/les-marches-les-plus-appetissants-du-luberon\/","og_site_name":"Camping la Rivi\u00e8re","article_published_time":"2021-09-02T11:51:43+00:00","article_modified_time":"2023-02-03T10:05:46+00:00","og_image":[{"width":1900,"height":500,"url":"https:\/\/camping-lariviere.com\/wp-content\/uploads\/2021\/08\/marches-provence.jpg","type":"image\/jpeg"}],"author":"Transeo","twitter_card":"summary_large_image","twitter_misc":{"\u00c9crit par":"Transeo","Dur\u00e9e de lecture estim\u00e9e":"3 minutes"},"schema":{"@context":"https:\/\/schema.org","@graph":[{"@type":"Article","@id":"https:\/\/camping-lariviere.com\/fr\/blog\/les-marches-les-plus-appetissants-du-luberon\/#article","isPartOf":{"@id":"https:\/\/camping-lariviere.com\/fr\/blog\/les-marches-les-plus-appetissants-du-luberon\/"},"author":{"name":"Transeo","@id":"https:\/\/camping-lariviere.com\/fr\/#\/schema\/person\/cae28d6cba7ae3261b3b6e6eab8ea0f4"},"headline":"Les march\u00e9s les plus app\u00e9tissants du Luberon","datePublished":"2021-09-02T11:51:43+00:00","dateModified":"2023-02-03T10:05:46+00:00","mainEntityOfPage":{"@id":"https:\/\/camping-lariviere.com\/fr\/blog\/les-marches-les-plus-appetissants-du-luberon\/"},"wordCount":538,"publisher":{"@id":"https:\/\/camping-lariviere.com\/fr\/#organization"},"image":{"@id":"https:\/\/camping-lariviere.com\/fr\/blog\/les-marches-les-plus-appetissants-du-luberon\/#primaryimage"},"thumbnailUrl":"https:\/\/camping-lariviere.com\/wp-content\/uploads\/2021\/08\/marches-provence.jpg","articleSection":["Blog"],"inLanguage":"fr-FR"},{"@type":"WebPage","@id":"https:\/\/camping-lariviere.com\/fr\/blog\/les-marches-les-plus-appetissants-du-luberon\/","url":"https:\/\/camping-lariviere.com\/fr\/blog\/les-marches-les-plus-appetissants-du-luberon\/","name":"D\u00e9couvrez les march\u00e9s les plus app\u00e9tissants du Lub\u00e9ron","isPartOf":{"@id":"https:\/\/camping-lariviere.com\/fr\/#website"},"primaryImageOfPage":{"@id":"https:\/\/camping-lariviere.com\/fr\/blog\/les-marches-les-plus-appetissants-du-luberon\/#primaryimage"},"image":{"@id":"https:\/\/camping-lariviere.com\/fr\/blog\/les-marches-les-plus-appetissants-du-luberon\/#primaryimage"},"thumbnailUrl":"https:\/\/camping-lariviere.com\/wp-content\/uploads\/2021\/08\/marches-provence.jpg","datePublished":"2021-09-02T11:51:43+00:00","dateModified":"2023-02-03T10:05:46+00:00","description":"Les march\u00e9s du Lub\u00e9ron sont des lieux privil\u00e9gi\u00e9s pour d\u00e9couvrir les bons produits de la r\u00e9gion et rencontrer les producteurs.","breadcrumb":{"@id":"https:\/\/camping-lariviere.com\/fr\/blog\/les-marches-les-plus-appetissants-du-luberon\/#breadcrumb"},"inLanguage":"fr-FR","potentialAction":[{"@type":"ReadAction","target":["https:\/\/camping-lariviere.com\/fr\/blog\/les-marches-les-plus-appetissants-du-luberon\/"]}]},{"@type":"ImageObject","inLanguage":"fr-FR","@id":"https:\/\/camping-lariviere.com\/fr\/blog\/les-marches-les-plus-appetissants-du-luberon\/#primaryimage","url":"https:\/\/camping-lariviere.com\/wp-content\/uploads\/2021\/08\/marches-provence.jpg","contentUrl":"https:\/\/camping-lariviere.com\/wp-content\/uploads\/2021\/08\/marches-provence.jpg","width":1900,"height":500,"caption":"March\u00e9 du Lub\u00e9ron"},{"@type":"BreadcrumbList","@id":"https:\/\/camping-lariviere.com\/fr\/blog\/les-marches-les-plus-appetissants-du-luberon\/#breadcrumb","itemListElement":[{"@type":"ListItem","position":1,"name":"Camping Luberon","item":"https:\/\/camping-lariviere.com\/fr\/"},{"@type":"ListItem","position":2,"name":"Blog","item":"https:\/\/camping-lariviere.com\/fr\/blog\/"},{"@type":"ListItem","position":3,"name":"Les march\u00e9s les plus app\u00e9tissants du Luberon"}]},{"@type":"WebSite","@id":"https:\/\/camping-lariviere.com\/fr\/#website","url":"https:\/\/camping-lariviere.com\/fr\/","name":"Camping la Rivi\u00e8re","description":"","publisher":{"@id":"https:\/\/camping-lariviere.com\/fr\/#organization"},"potentialAction":[{"@type":"SearchAction","target":{"@type":"EntryPoint","urlTemplate":"https:\/\/camping-lariviere.com\/fr\/?s={search_term_string}"},"query-input":{"@type":"PropertyValueSpecification","valueRequired":true,"valueName":"search_term_string"}}],"inLanguage":"fr-FR"},{"@type":"Organization","@id":"https:\/\/camping-lariviere.com\/fr\/#organization","name":"Camping La Rivi\u00e8re","url":"https:\/\/camping-lariviere.com\/fr\/","logo":{"@type":"ImageObject","inLanguage":"fr-FR","@id":"https:\/\/camping-lariviere.com\/fr\/#\/schema\/logo\/image\/","url":"https:\/\/camping-lariviere.com\/wp-content\/uploads\/2020\/10\/camping-la-riviere-logo.png","contentUrl":"https:\/\/camping-lariviere.com\/wp-content\/uploads\/2020\/10\/camping-la-riviere-logo.png","width":260,"height":210,"caption":"Camping La Rivi\u00e8re"},"image":{"@id":"https:\/\/camping-lariviere.com\/fr\/#\/schema\/logo\/image\/"}},{"@type":"Person","@id":"https:\/\/camping-lariviere.com\/fr\/#\/schema\/person\/cae28d6cba7ae3261b3b6e6eab8ea0f4","name":"Transeo","image":{"@type":"ImageObject","inLanguage":"fr-FR","@id":"https:\/\/camping-lariviere.com\/fr\/#\/schema\/person\/image\/","url":"https:\/\/secure.gravatar.com\/avatar\/0c16df0ad7c2590067ff0370080470a26db9529636afb20f19819c043a528c6d?s=96&d=mm&r=g","contentUrl":"https:\/\/secure.gravatar.com\/avatar\/0c16df0ad7c2590067ff0370080470a26db9529636afb20f19819c043a528c6d?s=96&d=mm&r=g","caption":"Transeo"}}]}},"_links":{"self":[{"href":"https:\/\/camping-lariviere.com\/fr\/wp-json\/wp\/v2\/posts\/3258","targetHints":{"allow":["GET"]}}],"collection":[{"href":"https:\/\/camping-lariviere.com\/fr\/wp-json\/wp\/v2\/posts"}],"about":[{"href":"https:\/\/camping-lariviere.com\/fr\/wp-json\/wp\/v2\/types\/post"}],"author":[{"embeddable":true,"href":"https:\/\/camping-lariviere.com\/fr\/wp-json\/wp\/v2\/users\/6"}],"replies":[{"embeddable":true,"href":"https:\/\/camping-lariviere.com\/fr\/wp-json\/wp\/v2\/comments?post=3258"}],"version-history":[{"count":9,"href":"https:\/\/camping-lariviere.com\/fr\/wp-json\/wp\/v2\/posts\/3258\/revisions"}],"predecessor-version":[{"id":6144,"href":"https:\/\/camping-lariviere.com\/fr\/wp-json\/wp\/v2\/posts\/3258\/revisions\/6144"}],"wp:featuredmedia":[{"embeddable":true,"href":"https:\/\/camping-lariviere.com\/fr\/wp-json\/wp\/v2\/media\/3261"}],"wp:attachment":[{"href":"https:\/\/camping-lariviere.com\/fr\/wp-json\/wp\/v2\/media?parent=3258"}],"wp:term":[{"taxonomy":"category","embeddable":true,"href":"https:\/\/camping-lariviere.com\/fr\/wp-json\/wp\/v2\/categories?post=3258"},{"taxonomy":"post_tag","embeddable":true,"href":"https:\/\/camping-lariviere.com\/fr\/wp-json\/wp\/v2\/tags?post=3258"}],"curies":[{"name":"wp","href":"https:\/\/api.w.org\/{rel}","templated":true}]}}