{"id":5886,"date":"2022-11-01T09:10:00","date_gmt":"2022-11-01T08:10:00","guid":{"rendered":"https:\/\/camping-lariviere.com\/?p=5886"},"modified":"2024-11-05T13:58:38","modified_gmt":"2024-11-05T12:58:38","slug":"le-mont-ventoux-a-velo","status":"publish","type":"post","link":"https:\/\/camping-lariviere.com\/fr\/blog\/le-mont-ventoux-a-velo\/","title":{"rendered":"Le Mont Ventoux \u00e0 v\u00e9lo"},"content":{"rendered":"<p>Connu et redout\u00e9 de tous, le <a href=\"\/fr\/blog\/le-mont-ventoux\/\"><strong>Mont Ventoux<\/strong><\/a> est un incontournable pour les cyclistes inv\u00e9t\u00e9r\u00e9s. C\u00e9l\u00e8bre sous le nom du \u00ab g\u00e9ant de Provence \u00bb, il inspire \u00e0 la fois passion et difficult\u00e9 et fait partie des <strong>ascensions les plus exigeantes<\/strong>. Un challenge m\u00e9morable <strong>\u00e0 seulement 1 h 28 de votre camping La Rivi\u00e8re.<\/strong><\/p>\n<p>D\u00e9butant ou pro, voici quelques conseils pour mettre toutes les chances de votre c\u00f4t\u00e9 !<\/p>\n<h2>Les difficult\u00e9s rencontr\u00e9es lors de l\u2019ascension<\/h2>\n<p><img decoding=\"async\" class=\"aligncenter wp-image-5892 size-full\" src=\"https:\/\/camping-lariviere.com\/wp-content\/uploads\/2022\/11\/mont-ventoux-velo-1.png\" alt=\"mont ventoux velo\" width=\"905\" height=\"1054\" srcset=\"https:\/\/camping-lariviere.com\/wp-content\/uploads\/2022\/11\/mont-ventoux-velo-1.png 905w, https:\/\/camping-lariviere.com\/wp-content\/uploads\/2022\/11\/mont-ventoux-velo-1-258x300.png 258w, https:\/\/camping-lariviere.com\/wp-content\/uploads\/2022\/11\/mont-ventoux-velo-1-879x1024.png 879w, https:\/\/camping-lariviere.com\/wp-content\/uploads\/2022\/11\/mont-ventoux-velo-1-768x894.png 768w, https:\/\/camping-lariviere.com\/wp-content\/uploads\/2022\/11\/mont-ventoux-velo-1-86x100.png 86w\" sizes=\"(max-width: 905px) 100vw, 905px\" \/><\/p>\n<p>Pour arriver au sommet du Mont Ventoux, il faut pr\u00e9voir <strong>2 heures d\u2019ascension<\/strong> au minimum. C&rsquo;est un parcours de <strong>23 kilom\u00e8tres, <\/strong>aussi passionnant que difficile, sem\u00e9 d\u2019emb\u00fbches et de contraintes.<\/p>\n<h3>Une difficile ascension\u2026 et descente.<\/h3>\n<p>Tout d\u2019abord, <strong>les pentes sont raides. <\/strong>Elles sont en moyenne de 7,5 %, atteignant parfois les 13 %. Ceux qui montent ont la t\u00eate \u00e0 l\u2019effort et moins \u00e0 la vigilance. Ainsi, les chutes et les malaises sont assez fr\u00e9quents. Alors soyez attentifs, notamment aux v\u00e9hicules !<\/p>\n<p>La descente, quant \u00e0 elle, a un go\u00fbt d\u2019illusion : retourner au pied du Mont para\u00eet simple, mais prendre de la vitesse en pente peut mal tourner.<\/p>\n<h3>Les conditions climatiques<\/h3>\n<p>Des temp\u00e9ratures en dessous de z\u00e9ro, des vents violents (jusqu\u2019\u00e0 120 km\/h), des pluies et des neiges qui r\u00e9duisent la visibilit\u00e9\u2026 La m\u00e9t\u00e9o au sommet du Mont est rude. Elle est diff\u00e9rente de celle des villages de d\u00e9part par les <strong>1 910 m d\u2019altitude<\/strong>. Il est pr\u00e9f\u00e9rable de <strong>reporter votre ascension si la m\u00e9t\u00e9o pr\u00e9vue n\u2019est pas bonne<\/strong>.<\/p>\n<h3>Un \u00e9quipement inad\u00e9quat<\/h3>\n<p>Au vu de ce qui a \u00e9t\u00e9 dit pr\u00e9c\u00e9demment, il est important de pr\u00e9voir le bon \u00e9quipement. Combien de cyclistes ont d\u00fb abandonner la course parce qu&rsquo;ils portaient des<strong> v\u00eatements trop l\u00e9gers<\/strong> ou conduisaient des <strong>v\u00e9los d\u00e9faillants.<\/strong> Pourtant ce sont les bases du bon d\u00e9roulement de votre d\u00e9fi.<\/p>\n<h2>La bonne pr\u00e9paration \u00e0 effectuer<\/h2>\n<p>D\u00e9cider de relever le d\u00e9fi ne se fait pas sur un coup de t\u00eate. Il vous faudra <strong>des semaines, voire des mois de pr\u00e9paration<\/strong>.<\/p>\n<h3>La pr\u00e9paration physique et mentale<\/h3>\n<p>Il est imp\u00e9ratif de <strong>ne pas n\u00e9gliger votre apport calorique<\/strong> et votre <strong>hydratation<\/strong>. Une pr\u00e9paration physique s&rsquo;impose avant le challenge. Elle diff\u00e8re d&rsquo;une personne \u00e0 une autre. Si vous avez seulement un bon cardio, il vous faudra travailler votre musculature des cuisses et vous habituer aux d\u00e9nivel\u00e9s. Et vice versa.<\/p>\n<p>Pendant le d\u00e9fi, il faudra \u00e9galement vous souvenir de quelques bonnes pratiques. Ainsi, lorsque vous arriverez en haut du Mont Ventoux, t\u00e2chez de vous reposer et de boire. Ensuite, essayez de faire baisser votre excitation afin d\u2019aborder la pente avec calme.<\/p>\n<p>Par ailleurs, la pr\u00e9paration mentale est indispensable. Pour cela, il est important de <strong>visualiser les \u00e9ventuelles difficult\u00e9s<\/strong>. Par exemple, conna\u00eetre la raideur des pentes vous permettra de vous entra\u00eener en cons\u00e9quence.<\/p>\n<h3>S\u2019informer sur la m\u00e9t\u00e9o<\/h3>\n<p>Le jour-j, il sera pr\u00e9f\u00e9rable de vous \u00e9lancer soit en d\u00e9but de matin\u00e9e, soit en fin d\u2019apr\u00e8s-midi. Mais avant tout,<strong> prenez connaissance des pr\u00e9visions m\u00e9t\u00e9o<\/strong> pour la journ\u00e9e. Celles de la ville de d\u00e9part et <strong>SURTOUT, celles du sommet<\/strong> sur le <a href=\"http:\/\/www.stationdumontserein.com\/\" target=\"_blank\" rel=\"noopener\">site internet de la station<\/a>.<\/p>\n<p>N&rsquo;oubliez pas de confirmer votre r\u00e9servation dans notre <a href=\"https:\/\/camping-lariviere.com\/fr\/\">camping dans le Luberon<\/a>, La Rivi\u00e8re, \u00e0 la date pr\u00e9vue pour votre challenge.<\/p>\n<h3>Pr\u00e9voir le bon mat\u00e9riel<\/h3>\n<p>Pour le v\u00e9lo, assurez-vous d\u2019<strong>adopter le bon braquet<\/strong> (selon le terrain, votre niveau etc.) avec un d\u00e9veloppement r\u00e9gl\u00e9 selon vos besoins (faible dans le cas Mont Ventoux).<\/p>\n<p><strong>Prot\u00e9gez vos yeux<\/strong> du soleil et<strong> votre corps<\/strong> du froid. La descente est souvent glaciale, alors pr\u00e9voyez un coupe-vent, une veste, un cache-col et des gants.<\/p>\n<p>Revenez au camping avec votre photo au sommet !<\/p>\n","protected":false},"excerpt":{"rendered":"<p>Connu et redout\u00e9 de tous, le Mont Ventoux est un incontournable pour les cyclistes inv\u00e9t\u00e9r\u00e9s. C\u00e9l\u00e8bre sous le nom du \u00ab g\u00e9ant de Provence \u00bb, il inspire \u00e0 la fois passion et difficult\u00e9 et fait partie des ascensions les plus exigeantes. Un challenge m\u00e9morable \u00e0 seulement 1 h 28 de votre camping La Rivi\u00e8re. D\u00e9butant [&hellip;]<\/p>\n","protected":false},"author":1,"featured_media":5883,"comment_status":"closed","ping_status":"closed","sticky":false,"template":"","format":"standard","meta":{"_acf_changed":false,"footnotes":""},"categories":[16],"tags":[],"class_list":["post-5886","post","type-post","status-publish","format-standard","has-post-thumbnail","hentry","category-blog"],"acf":[],"yoast_head":"<!-- This site is optimized with the Yoast SEO plugin v23.4 - https:\/\/yoast.com\/wordpress\/plugins\/seo\/ -->\n<title>Pr\u00e9parer l&#039;ascension du Mont Ventoux \u00e0 v\u00e9lo \u2013 Nos conseils<\/title>\n<meta name=\"description\" content=\"Vous r\u00eavez de relever le d\u00e9fi du Mont Ventoux ? Voici les pr\u00e9cautions \u00e0 prendre et les pr\u00e9parations \u00e0 faire pour y arriver. Retrouvez nos conseils pratiques pour rentrer avec la fameuse photo au sommet !\" \/>\n<meta name=\"robots\" content=\"index, follow, max-snippet:-1, max-image-preview:large, max-video-preview:-1\" \/>\n<link rel=\"canonical\" href=\"https:\/\/camping-lariviere.com\/fr\/blog\/le-mont-ventoux-a-velo\/\" \/>\n<meta property=\"og:locale\" content=\"fr_FR\" \/>\n<meta property=\"og:type\" content=\"article\" \/>\n<meta property=\"og:title\" content=\"Pr\u00e9parer l&#039;ascension du Mont Ventoux \u00e0 v\u00e9lo \u2013 Nos conseils\" \/>\n<meta property=\"og:description\" content=\"Vous r\u00eavez de relever le d\u00e9fi du Mont Ventoux ? Voici les pr\u00e9cautions \u00e0 prendre et les pr\u00e9parations \u00e0 faire pour y arriver. Retrouvez nos conseils pratiques pour rentrer avec la fameuse photo au sommet !\" \/>\n<meta property=\"og:url\" content=\"https:\/\/camping-lariviere.com\/fr\/blog\/le-mont-ventoux-a-velo\/\" \/>\n<meta property=\"og:site_name\" content=\"Camping la Rivi\u00e8re\" \/>\n<meta property=\"article:published_time\" content=\"2022-11-01T08:10:00+00:00\" \/>\n<meta property=\"article:modified_time\" content=\"2024-11-05T12:58:38+00:00\" \/>\n<meta property=\"og:image\" content=\"https:\/\/camping-lariviere.com\/wp-content\/uploads\/2022\/10\/63592376078f1.jpeg\" \/>\n\t<meta property=\"og:image:width\" content=\"1613\" \/>\n\t<meta property=\"og:image:height\" content=\"1080\" \/>\n\t<meta property=\"og:image:type\" content=\"image\/jpeg\" \/>\n<meta name=\"author\" content=\"@dmin64\" \/>\n<meta name=\"twitter:card\" content=\"summary_large_image\" \/>\n<meta name=\"twitter:label1\" content=\"\u00c9crit par\" \/>\n\t<meta name=\"twitter:data1\" content=\"@dmin64\" \/>\n\t<meta name=\"twitter:label2\" content=\"Dur\u00e9e de lecture estim\u00e9e\" \/>\n\t<meta name=\"twitter:data2\" content=\"4 minutes\" \/>\n<script type=\"application\/ld+json\" class=\"yoast-schema-graph\">{\"@context\":\"https:\/\/schema.org\",\"@graph\":[{\"@type\":\"Article\",\"@id\":\"https:\/\/camping-lariviere.com\/fr\/blog\/le-mont-ventoux-a-velo\/#article\",\"isPartOf\":{\"@id\":\"https:\/\/camping-lariviere.com\/fr\/blog\/le-mont-ventoux-a-velo\/\"},\"author\":{\"name\":\"@dmin64\",\"@id\":\"https:\/\/camping-lariviere.com\/fr\/#\/schema\/person\/ff82ca21b42fedc77dec3002e6af69af\"},\"headline\":\"Le Mont Ventoux \u00e0 v\u00e9lo\",\"datePublished\":\"2022-11-01T08:10:00+00:00\",\"dateModified\":\"2024-11-05T12:58:38+00:00\",\"mainEntityOfPage\":{\"@id\":\"https:\/\/camping-lariviere.com\/fr\/blog\/le-mont-ventoux-a-velo\/\"},\"wordCount\":665,\"publisher\":{\"@id\":\"https:\/\/camping-lariviere.com\/fr\/#organization\"},\"image\":{\"@id\":\"https:\/\/camping-lariviere.com\/fr\/blog\/le-mont-ventoux-a-velo\/#primaryimage\"},\"thumbnailUrl\":\"https:\/\/camping-lariviere.com\/wp-content\/uploads\/2022\/10\/63592376078f1.jpeg\",\"articleSection\":[\"Blog\"],\"inLanguage\":\"fr-FR\"},{\"@type\":\"WebPage\",\"@id\":\"https:\/\/camping-lariviere.com\/fr\/blog\/le-mont-ventoux-a-velo\/\",\"url\":\"https:\/\/camping-lariviere.com\/fr\/blog\/le-mont-ventoux-a-velo\/\",\"name\":\"Pr\u00e9parer l'ascension du Mont Ventoux \u00e0 v\u00e9lo \u2013 Nos conseils\",\"isPartOf\":{\"@id\":\"https:\/\/camping-lariviere.com\/fr\/#website\"},\"primaryImageOfPage\":{\"@id\":\"https:\/\/camping-lariviere.com\/fr\/blog\/le-mont-ventoux-a-velo\/#primaryimage\"},\"image\":{\"@id\":\"https:\/\/camping-lariviere.com\/fr\/blog\/le-mont-ventoux-a-velo\/#primaryimage\"},\"thumbnailUrl\":\"https:\/\/camping-lariviere.com\/wp-content\/uploads\/2022\/10\/63592376078f1.jpeg\",\"datePublished\":\"2022-11-01T08:10:00+00:00\",\"dateModified\":\"2024-11-05T12:58:38+00:00\",\"description\":\"Vous r\u00eavez de relever le d\u00e9fi du Mont Ventoux ? Voici les pr\u00e9cautions \u00e0 prendre et les pr\u00e9parations \u00e0 faire pour y arriver. Retrouvez nos conseils pratiques pour rentrer avec la fameuse photo au sommet !\",\"breadcrumb\":{\"@id\":\"https:\/\/camping-lariviere.com\/fr\/blog\/le-mont-ventoux-a-velo\/#breadcrumb\"},\"inLanguage\":\"fr-FR\",\"potentialAction\":[{\"@type\":\"ReadAction\",\"target\":[\"https:\/\/camping-lariviere.com\/fr\/blog\/le-mont-ventoux-a-velo\/\"]}]},{\"@type\":\"ImageObject\",\"inLanguage\":\"fr-FR\",\"@id\":\"https:\/\/camping-lariviere.com\/fr\/blog\/le-mont-ventoux-a-velo\/#primaryimage\",\"url\":\"https:\/\/camping-lariviere.com\/wp-content\/uploads\/2022\/10\/63592376078f1.jpeg\",\"contentUrl\":\"https:\/\/camping-lariviere.com\/wp-content\/uploads\/2022\/10\/63592376078f1.jpeg\",\"width\":1613,\"height\":1080,\"caption\":\"mont ventoux velo\"},{\"@type\":\"BreadcrumbList\",\"@id\":\"https:\/\/camping-lariviere.com\/fr\/blog\/le-mont-ventoux-a-velo\/#breadcrumb\",\"itemListElement\":[{\"@type\":\"ListItem\",\"position\":1,\"name\":\"Camping Luberon\",\"item\":\"https:\/\/camping-lariviere.com\/fr\/\"},{\"@type\":\"ListItem\",\"position\":2,\"name\":\"Blog\",\"item\":\"https:\/\/camping-lariviere.com\/fr\/blog\/\"},{\"@type\":\"ListItem\",\"position\":3,\"name\":\"Mont Ventoux \u00e0 v\u00e9lo\"}]},{\"@type\":\"WebSite\",\"@id\":\"https:\/\/camping-lariviere.com\/fr\/#website\",\"url\":\"https:\/\/camping-lariviere.com\/fr\/\",\"name\":\"Camping la Rivi\u00e8re\",\"description\":\"\",\"publisher\":{\"@id\":\"https:\/\/camping-lariviere.com\/fr\/#organization\"},\"potentialAction\":[{\"@type\":\"SearchAction\",\"target\":{\"@type\":\"EntryPoint\",\"urlTemplate\":\"https:\/\/camping-lariviere.com\/fr\/?s={search_term_string}\"},\"query-input\":{\"@type\":\"PropertyValueSpecification\",\"valueRequired\":true,\"valueName\":\"search_term_string\"}}],\"inLanguage\":\"fr-FR\"},{\"@type\":\"Organization\",\"@id\":\"https:\/\/camping-lariviere.com\/fr\/#organization\",\"name\":\"Camping La Rivi\u00e8re\",\"url\":\"https:\/\/camping-lariviere.com\/fr\/\",\"logo\":{\"@type\":\"ImageObject\",\"inLanguage\":\"fr-FR\",\"@id\":\"https:\/\/camping-lariviere.com\/fr\/#\/schema\/logo\/image\/\",\"url\":\"https:\/\/camping-lariviere.com\/wp-content\/uploads\/2020\/10\/camping-la-riviere-logo.png\",\"contentUrl\":\"https:\/\/camping-lariviere.com\/wp-content\/uploads\/2020\/10\/camping-la-riviere-logo.png\",\"width\":260,\"height\":210,\"caption\":\"Camping La Rivi\u00e8re\"},\"image\":{\"@id\":\"https:\/\/camping-lariviere.com\/fr\/#\/schema\/logo\/image\/\"}},{\"@type\":\"Person\",\"@id\":\"https:\/\/camping-lariviere.com\/fr\/#\/schema\/person\/ff82ca21b42fedc77dec3002e6af69af\",\"name\":\"@dmin64\",\"image\":{\"@type\":\"ImageObject\",\"inLanguage\":\"fr-FR\",\"@id\":\"https:\/\/camping-lariviere.com\/fr\/#\/schema\/person\/image\/\",\"url\":\"https:\/\/secure.gravatar.com\/avatar\/503b39f80470d15a0ca6b6ddbe30d331780e39df5ca1b28cd6c77ea69c00d764?s=96&d=mm&r=g\",\"contentUrl\":\"https:\/\/secure.gravatar.com\/avatar\/503b39f80470d15a0ca6b6ddbe30d331780e39df5ca1b28cd6c77ea69c00d764?s=96&d=mm&r=g\",\"caption\":\"@dmin64\"},\"sameAs\":[\"http:\/\/www.camping-eden-savoie.com\"]}]}<\/script>\n<!-- \/ Yoast SEO plugin. -->","yoast_head_json":{"title":"Pr\u00e9parer l'ascension du Mont Ventoux \u00e0 v\u00e9lo \u2013 Nos conseils","description":"Vous r\u00eavez de relever le d\u00e9fi du Mont Ventoux ? Voici les pr\u00e9cautions \u00e0 prendre et les pr\u00e9parations \u00e0 faire pour y arriver. Retrouvez nos conseils pratiques pour rentrer avec la fameuse photo au sommet !","robots":{"index":"index","follow":"follow","max-snippet":"max-snippet:-1","max-image-preview":"max-image-preview:large","max-video-preview":"max-video-preview:-1"},"canonical":"https:\/\/camping-lariviere.com\/fr\/blog\/le-mont-ventoux-a-velo\/","og_locale":"fr_FR","og_type":"article","og_title":"Pr\u00e9parer l'ascension du Mont Ventoux \u00e0 v\u00e9lo \u2013 Nos conseils","og_description":"Vous r\u00eavez de relever le d\u00e9fi du Mont Ventoux ? Voici les pr\u00e9cautions \u00e0 prendre et les pr\u00e9parations \u00e0 faire pour y arriver. Retrouvez nos conseils pratiques pour rentrer avec la fameuse photo au sommet !","og_url":"https:\/\/camping-lariviere.com\/fr\/blog\/le-mont-ventoux-a-velo\/","og_site_name":"Camping la Rivi\u00e8re","article_published_time":"2022-11-01T08:10:00+00:00","article_modified_time":"2024-11-05T12:58:38+00:00","og_image":[{"width":1613,"height":1080,"url":"https:\/\/camping-lariviere.com\/wp-content\/uploads\/2022\/10\/63592376078f1.jpeg","type":"image\/jpeg"}],"author":"@dmin64","twitter_card":"summary_large_image","twitter_misc":{"\u00c9crit par":"@dmin64","Dur\u00e9e de lecture estim\u00e9e":"4 minutes"},"schema":{"@context":"https:\/\/schema.org","@graph":[{"@type":"Article","@id":"https:\/\/camping-lariviere.com\/fr\/blog\/le-mont-ventoux-a-velo\/#article","isPartOf":{"@id":"https:\/\/camping-lariviere.com\/fr\/blog\/le-mont-ventoux-a-velo\/"},"author":{"name":"@dmin64","@id":"https:\/\/camping-lariviere.com\/fr\/#\/schema\/person\/ff82ca21b42fedc77dec3002e6af69af"},"headline":"Le Mont Ventoux \u00e0 v\u00e9lo","datePublished":"2022-11-01T08:10:00+00:00","dateModified":"2024-11-05T12:58:38+00:00","mainEntityOfPage":{"@id":"https:\/\/camping-lariviere.com\/fr\/blog\/le-mont-ventoux-a-velo\/"},"wordCount":665,"publisher":{"@id":"https:\/\/camping-lariviere.com\/fr\/#organization"},"image":{"@id":"https:\/\/camping-lariviere.com\/fr\/blog\/le-mont-ventoux-a-velo\/#primaryimage"},"thumbnailUrl":"https:\/\/camping-lariviere.com\/wp-content\/uploads\/2022\/10\/63592376078f1.jpeg","articleSection":["Blog"],"inLanguage":"fr-FR"},{"@type":"WebPage","@id":"https:\/\/camping-lariviere.com\/fr\/blog\/le-mont-ventoux-a-velo\/","url":"https:\/\/camping-lariviere.com\/fr\/blog\/le-mont-ventoux-a-velo\/","name":"Pr\u00e9parer l'ascension du Mont Ventoux \u00e0 v\u00e9lo \u2013 Nos conseils","isPartOf":{"@id":"https:\/\/camping-lariviere.com\/fr\/#website"},"primaryImageOfPage":{"@id":"https:\/\/camping-lariviere.com\/fr\/blog\/le-mont-ventoux-a-velo\/#primaryimage"},"image":{"@id":"https:\/\/camping-lariviere.com\/fr\/blog\/le-mont-ventoux-a-velo\/#primaryimage"},"thumbnailUrl":"https:\/\/camping-lariviere.com\/wp-content\/uploads\/2022\/10\/63592376078f1.jpeg","datePublished":"2022-11-01T08:10:00+00:00","dateModified":"2024-11-05T12:58:38+00:00","description":"Vous r\u00eavez de relever le d\u00e9fi du Mont Ventoux ? Voici les pr\u00e9cautions \u00e0 prendre et les pr\u00e9parations \u00e0 faire pour y arriver. Retrouvez nos conseils pratiques pour rentrer avec la fameuse photo au sommet !","breadcrumb":{"@id":"https:\/\/camping-lariviere.com\/fr\/blog\/le-mont-ventoux-a-velo\/#breadcrumb"},"inLanguage":"fr-FR","potentialAction":[{"@type":"ReadAction","target":["https:\/\/camping-lariviere.com\/fr\/blog\/le-mont-ventoux-a-velo\/"]}]},{"@type":"ImageObject","inLanguage":"fr-FR","@id":"https:\/\/camping-lariviere.com\/fr\/blog\/le-mont-ventoux-a-velo\/#primaryimage","url":"https:\/\/camping-lariviere.com\/wp-content\/uploads\/2022\/10\/63592376078f1.jpeg","contentUrl":"https:\/\/camping-lariviere.com\/wp-content\/uploads\/2022\/10\/63592376078f1.jpeg","width":1613,"height":1080,"caption":"mont ventoux velo"},{"@type":"BreadcrumbList","@id":"https:\/\/camping-lariviere.com\/fr\/blog\/le-mont-ventoux-a-velo\/#breadcrumb","itemListElement":[{"@type":"ListItem","position":1,"name":"Camping Luberon","item":"https:\/\/camping-lariviere.com\/fr\/"},{"@type":"ListItem","position":2,"name":"Blog","item":"https:\/\/camping-lariviere.com\/fr\/blog\/"},{"@type":"ListItem","position":3,"name":"Mont Ventoux \u00e0 v\u00e9lo"}]},{"@type":"WebSite","@id":"https:\/\/camping-lariviere.com\/fr\/#website","url":"https:\/\/camping-lariviere.com\/fr\/","name":"Camping la Rivi\u00e8re","description":"","publisher":{"@id":"https:\/\/camping-lariviere.com\/fr\/#organization"},"potentialAction":[{"@type":"SearchAction","target":{"@type":"EntryPoint","urlTemplate":"https:\/\/camping-lariviere.com\/fr\/?s={search_term_string}"},"query-input":{"@type":"PropertyValueSpecification","valueRequired":true,"valueName":"search_term_string"}}],"inLanguage":"fr-FR"},{"@type":"Organization","@id":"https:\/\/camping-lariviere.com\/fr\/#organization","name":"Camping La Rivi\u00e8re","url":"https:\/\/camping-lariviere.com\/fr\/","logo":{"@type":"ImageObject","inLanguage":"fr-FR","@id":"https:\/\/camping-lariviere.com\/fr\/#\/schema\/logo\/image\/","url":"https:\/\/camping-lariviere.com\/wp-content\/uploads\/2020\/10\/camping-la-riviere-logo.png","contentUrl":"https:\/\/camping-lariviere.com\/wp-content\/uploads\/2020\/10\/camping-la-riviere-logo.png","width":260,"height":210,"caption":"Camping La Rivi\u00e8re"},"image":{"@id":"https:\/\/camping-lariviere.com\/fr\/#\/schema\/logo\/image\/"}},{"@type":"Person","@id":"https:\/\/camping-lariviere.com\/fr\/#\/schema\/person\/ff82ca21b42fedc77dec3002e6af69af","name":"@dmin64","image":{"@type":"ImageObject","inLanguage":"fr-FR","@id":"https:\/\/camping-lariviere.com\/fr\/#\/schema\/person\/image\/","url":"https:\/\/secure.gravatar.com\/avatar\/503b39f80470d15a0ca6b6ddbe30d331780e39df5ca1b28cd6c77ea69c00d764?s=96&d=mm&r=g","contentUrl":"https:\/\/secure.gravatar.com\/avatar\/503b39f80470d15a0ca6b6ddbe30d331780e39df5ca1b28cd6c77ea69c00d764?s=96&d=mm&r=g","caption":"@dmin64"},"sameAs":["http:\/\/www.camping-eden-savoie.com"]}]}},"_links":{"self":[{"href":"https:\/\/camping-lariviere.com\/fr\/wp-json\/wp\/v2\/posts\/5886","targetHints":{"allow":["GET"]}}],"collection":[{"href":"https:\/\/camping-lariviere.com\/fr\/wp-json\/wp\/v2\/posts"}],"about":[{"href":"https:\/\/camping-lariviere.com\/fr\/wp-json\/wp\/v2\/types\/post"}],"author":[{"embeddable":true,"href":"https:\/\/camping-lariviere.com\/fr\/wp-json\/wp\/v2\/users\/1"}],"replies":[{"embeddable":true,"href":"https:\/\/camping-lariviere.com\/fr\/wp-json\/wp\/v2\/comments?post=5886"}],"version-history":[{"count":4,"href":"https:\/\/camping-lariviere.com\/fr\/wp-json\/wp\/v2\/posts\/5886\/revisions"}],"predecessor-version":[{"id":6935,"href":"https:\/\/camping-lariviere.com\/fr\/wp-json\/wp\/v2\/posts\/5886\/revisions\/6935"}],"wp:featuredmedia":[{"embeddable":true,"href":"https:\/\/camping-lariviere.com\/fr\/wp-json\/wp\/v2\/media\/5883"}],"wp:attachment":[{"href":"https:\/\/camping-lariviere.com\/fr\/wp-json\/wp\/v2\/media?parent=5886"}],"wp:term":[{"taxonomy":"category","embeddable":true,"href":"https:\/\/camping-lariviere.com\/fr\/wp-json\/wp\/v2\/categories?post=5886"},{"taxonomy":"post_tag","embeddable":true,"href":"https:\/\/camping-lariviere.com\/fr\/wp-json\/wp\/v2\/tags?post=5886"}],"curies":[{"name":"wp","href":"https:\/\/api.w.org\/{rel}","templated":true}]}}