{"id":6149,"date":"2023-03-01T09:00:00","date_gmt":"2023-03-01T08:00:00","guid":{"rendered":"https:\/\/camping-lariviere.com\/?p=6149"},"modified":"2024-11-05T14:00:53","modified_gmt":"2024-11-05T13:00:53","slug":"pourquoi-le-luberon-est-il-lendroit-ideal-pour-des-vacances-en-camping","status":"publish","type":"post","link":"https:\/\/camping-lariviere.com\/fr\/blog\/pourquoi-le-luberon-est-il-lendroit-ideal-pour-des-vacances-en-camping\/","title":{"rendered":"Pourquoi le Lub\u00e9ron est-il l&rsquo;endroit id\u00e9al pour des vacances en camping ?"},"content":{"rendered":"<p>Vous \u00eates \u00e0 la recherche d&rsquo;une belle destination pour passer des vacances de r\u00eave ? Le <a href=\"https:\/\/camping-lariviere.com\/fr\/tourisme-luberon\/\">Luberon<\/a> est une bonne option. \u00c0 cheval entre les deux d\u00e9partements, les Alpes-de-haute-Provence et le <a href=\"https:\/\/camping-lariviere.com\/fr\/tourisme-vaucluse\/\">Vaucluse<\/a>, ce territoire est un lieu id\u00e9al pour poser vos valises et profiter d&rsquo;un s\u00e9jour agr\u00e9able.<\/p>\n<p><a href=\"https:\/\/camping-lariviere.com\/fr\/\"><strong>Le camping La Rivi\u00e8re<\/strong><\/a>, situ\u00e9 sur cette terre de passion, est un bon point de d\u00e9part pour d\u00e9couvrir les secrets de cette r\u00e9gion et pratiquer un large panel d&rsquo;activit\u00e9s. Tr\u00e8s pris\u00e9 pour sa richesse historique, culturelle et naturelle, le Luberon vous r\u00e9serve des moments d&rsquo;\u00e9merveillement et vous promet une escapade pleine d&rsquo;\u00e9motions.<\/p>\n<h2>Le Luberon : un voyage haut en couleur<\/h2>\n<p>Connu pour ses paysages et ses tableaux naturels \u00e0 couper le souffle, le <strong>Luberon<\/strong> est un endroit dans lequel vous vivrez hors du temps au gr\u00e9 de vos d\u00e9couvertes. <strong>Les jardins conservatoires<\/strong> tels que <strong>le jardin des plantes tinctoriales<\/strong> sont parmi les lieux pr\u00e9f\u00e9r\u00e9s des amoureux de la nature. Ces derniers d\u00e9couvriront aussi les applications industrielles de ces esp\u00e8ces v\u00e9g\u00e9tales.<\/p>\n<p>Laissez-vous transporter par le parfum envo\u00fbtant et la couleur violette <strong>des champs de lavande<\/strong> : un spectacle de couleurs \u00e0 perte de vue. Le Luberon offre \u00e0 ses visiteurs plein d&rsquo;endroits paradisiaques tels que <strong>la Sorgue<\/strong>. Lorsque sa source est bouillonnante, vous d\u00e9couvrirez un lieu spectaculaire. <strong>Avec ses lacs, ses for\u00eats, ses jardins et ses sommets,<\/strong> ce territoire est un terrain de jeu id\u00e9al pour s&rsquo;adonner \u00e0 plein d&rsquo;activit\u00e9s en plein air.<\/p>\n<p><strong>Les amateurs de randonn\u00e9es <\/strong>peuvent profiter des circuits faciles \u00e0 difficiles. <strong>Les fans de sports nautiques<\/strong> peuvent se laisser guider par la Sorgue \u00e0 bord d&rsquo;un cano\u00eb. <strong>Les plus sportifs<\/strong> peuvent choisir la via ferrata, le parapente ou encore l&rsquo;accrobranche. <strong>L&rsquo;\u00e9quitation, les randonn\u00e9es \u00e0 v\u00e9lo, la p\u00eache, la baignade<\/strong> : tous ces loisirs vous offriront des moments inoubliables dans une destination d&rsquo;exception.<\/p>\n<h2>Le Luberon ou comment vivre \u00e0 l&rsquo;heure proven\u00e7ale<\/h2>\n<p>Le Luberon est une r\u00e9gion qui affiche fi\u00e8rement son histoire. De ce fait, elle regorge d&rsquo;attractions incontournables pour les curieux. Ces derniers appr\u00e9cieront la visite du <strong>Ch\u00e2teau de Saumane-de-Vaucluse<\/strong>, ancienne demeure du Marquis de Sade. Plein d&rsquo;autres sites sont aussi \u00e0 visiter tels que<strong> l\u2019Abbaye de Notre-Dame de S\u00e9nanque ou la Cath\u00e9drale Notre-Dame.<\/strong><\/p>\n<p>Vous pouvez aussi fl\u00e2ner au gr\u00e9 des ruelles et d\u00e9couvrir plein de recoins au style typiquement proven\u00e7al. <strong>Gordes et Lourmarin<\/strong> sont <strong>deux des plus beaux villages de France<\/strong> qui valent bien le d\u00e9tour dans cette r\u00e9gion. Entre des villages perch\u00e9s et d&rsquo;autres lov\u00e9s dans des paysages de ch\u00eanes, d&rsquo;oliviers et de vignes, d\u00e9couvrez les p\u00e9pites de la Provence d&rsquo;autrefois.<\/p>\n<p>Le Luberon est aussi un endroit o\u00f9 vous pouvez bien manger et \u00e9veiller vos papilles : <strong>des fromages, une ratatouille, un a\u00efoli, des fraises, des melons de Cavaillon\u2026 <\/strong>Pour une d\u00e9couverte culinaire impressionnante, vous pouvez visiter<strong> un march\u00e9 proven\u00e7al de producteurs<\/strong> et profiter d&rsquo;une escapade gourmande app\u00e9tissante.<\/p>\n<h2>Des activit\u00e9s pour tous les \u00e2ges<\/h2>\n<p>Le Luberon est un territoire de gourmandise, de z\u00e9nitude, de sensations\u2026 mais pas que. En effet, dans cette r\u00e9gion, vous pouvez partager des moments magiques <strong>en famille, en couple ou entre amis<\/strong> que vous ne pourrez jamais oublier. <strong>Une escapade musicale<\/strong> le temps d&rsquo;un concert en plein air sur le march\u00e9 de Coustellet serait une excellente id\u00e9e. Se r\u00e9unir dans<strong> un cours de cuisine <\/strong>\u00e0 quatre mains avec un chef est \u00e9galement une option int\u00e9ressante.<\/p>\n<p><strong>Une balade nocturne<\/strong> en amoureux pour admirer le ciel \u00e9toil\u00e9 du Luberon ravivera bien la flamme des couples. Vous pouvez \u00e9galement partager <strong>un petit-d\u00e9jeuner<\/strong>, en famille, au terme d&rsquo;une randonn\u00e9e dans les falaises. Les activit\u00e9s sont tellement vari\u00e9es et destin\u00e9es \u00e0 tous les \u00e2ges que vous pouvez laisser libre cours \u00e0 vos envies de bonheur.<\/p>\n","protected":false},"excerpt":{"rendered":"<p>Vous \u00eates \u00e0 la recherche d&rsquo;une belle destination pour passer des vacances de r\u00eave ? Le Luberon est une bonne option. \u00c0 cheval entre les deux d\u00e9partements, les Alpes-de-haute-Provence et le Vaucluse, ce territoire est un lieu id\u00e9al pour poser vos valises et profiter d&rsquo;un s\u00e9jour agr\u00e9able. Le camping La Rivi\u00e8re, situ\u00e9 sur cette terre [&hellip;]<\/p>\n","protected":false},"author":1,"featured_media":6153,"comment_status":"closed","ping_status":"closed","sticky":false,"template":"","format":"standard","meta":{"_acf_changed":false,"footnotes":""},"categories":[16],"tags":[],"class_list":["post-6149","post","type-post","status-publish","format-standard","has-post-thumbnail","hentry","category-blog"],"acf":[],"yoast_head":"<!-- This site is optimized with the Yoast SEO plugin v23.4 - https:\/\/yoast.com\/wordpress\/plugins\/seo\/ -->\n<title>Pourquoi le Luberon est l&#039;endroit id\u00e9al pour des vacances en camping ?<\/title>\n<meta name=\"description\" content=\"D\u00e9couvrez les secrets du Luberon qui font de cette destination l&#039;endroit id\u00e9al pour des vacances en camping.\" \/>\n<meta name=\"robots\" content=\"index, follow, max-snippet:-1, max-image-preview:large, max-video-preview:-1\" \/>\n<link rel=\"canonical\" href=\"https:\/\/camping-lariviere.com\/fr\/blog\/pourquoi-le-luberon-est-il-lendroit-ideal-pour-des-vacances-en-camping\/\" \/>\n<meta property=\"og:locale\" content=\"fr_FR\" \/>\n<meta property=\"og:type\" content=\"article\" \/>\n<meta property=\"og:title\" content=\"Pourquoi le Luberon est l&#039;endroit id\u00e9al pour des vacances en camping ?\" \/>\n<meta property=\"og:description\" content=\"D\u00e9couvrez les secrets du Luberon qui font de cette destination l&#039;endroit id\u00e9al pour des vacances en camping.\" \/>\n<meta property=\"og:url\" content=\"https:\/\/camping-lariviere.com\/fr\/blog\/pourquoi-le-luberon-est-il-lendroit-ideal-pour-des-vacances-en-camping\/\" \/>\n<meta property=\"og:site_name\" content=\"Camping la Rivi\u00e8re\" \/>\n<meta property=\"article:published_time\" content=\"2023-03-01T08:00:00+00:00\" \/>\n<meta property=\"article:modified_time\" content=\"2024-11-05T13:00:53+00:00\" \/>\n<meta property=\"og:image\" content=\"https:\/\/camping-lariviere.com\/wp-content\/uploads\/2023\/02\/luberon-1.png\" \/>\n\t<meta property=\"og:image:width\" content=\"1434\" \/>\n\t<meta property=\"og:image:height\" content=\"453\" \/>\n\t<meta property=\"og:image:type\" content=\"image\/png\" \/>\n<meta name=\"author\" content=\"@dmin64\" \/>\n<meta name=\"twitter:card\" content=\"summary_large_image\" \/>\n<meta name=\"twitter:label1\" content=\"\u00c9crit par\" \/>\n\t<meta name=\"twitter:data1\" content=\"@dmin64\" \/>\n\t<meta name=\"twitter:label2\" content=\"Dur\u00e9e de lecture estim\u00e9e\" \/>\n\t<meta name=\"twitter:data2\" content=\"4 minutes\" \/>\n<script type=\"application\/ld+json\" class=\"yoast-schema-graph\">{\"@context\":\"https:\/\/schema.org\",\"@graph\":[{\"@type\":\"Article\",\"@id\":\"https:\/\/camping-lariviere.com\/fr\/blog\/pourquoi-le-luberon-est-il-lendroit-ideal-pour-des-vacances-en-camping\/#article\",\"isPartOf\":{\"@id\":\"https:\/\/camping-lariviere.com\/fr\/blog\/pourquoi-le-luberon-est-il-lendroit-ideal-pour-des-vacances-en-camping\/\"},\"author\":{\"name\":\"@dmin64\",\"@id\":\"https:\/\/camping-lariviere.com\/fr\/#\/schema\/person\/ff82ca21b42fedc77dec3002e6af69af\"},\"headline\":\"Pourquoi le Lub\u00e9ron est-il l&rsquo;endroit id\u00e9al pour des vacances en camping ?\",\"datePublished\":\"2023-03-01T08:00:00+00:00\",\"dateModified\":\"2024-11-05T13:00:53+00:00\",\"mainEntityOfPage\":{\"@id\":\"https:\/\/camping-lariviere.com\/fr\/blog\/pourquoi-le-luberon-est-il-lendroit-ideal-pour-des-vacances-en-camping\/\"},\"wordCount\":663,\"publisher\":{\"@id\":\"https:\/\/camping-lariviere.com\/fr\/#organization\"},\"image\":{\"@id\":\"https:\/\/camping-lariviere.com\/fr\/blog\/pourquoi-le-luberon-est-il-lendroit-ideal-pour-des-vacances-en-camping\/#primaryimage\"},\"thumbnailUrl\":\"https:\/\/camping-lariviere.com\/wp-content\/uploads\/2023\/02\/luberon-1.png\",\"articleSection\":[\"Blog\"],\"inLanguage\":\"fr-FR\"},{\"@type\":\"WebPage\",\"@id\":\"https:\/\/camping-lariviere.com\/fr\/blog\/pourquoi-le-luberon-est-il-lendroit-ideal-pour-des-vacances-en-camping\/\",\"url\":\"https:\/\/camping-lariviere.com\/fr\/blog\/pourquoi-le-luberon-est-il-lendroit-ideal-pour-des-vacances-en-camping\/\",\"name\":\"Pourquoi le Luberon est l'endroit id\u00e9al pour des vacances en camping ?\",\"isPartOf\":{\"@id\":\"https:\/\/camping-lariviere.com\/fr\/#website\"},\"primaryImageOfPage\":{\"@id\":\"https:\/\/camping-lariviere.com\/fr\/blog\/pourquoi-le-luberon-est-il-lendroit-ideal-pour-des-vacances-en-camping\/#primaryimage\"},\"image\":{\"@id\":\"https:\/\/camping-lariviere.com\/fr\/blog\/pourquoi-le-luberon-est-il-lendroit-ideal-pour-des-vacances-en-camping\/#primaryimage\"},\"thumbnailUrl\":\"https:\/\/camping-lariviere.com\/wp-content\/uploads\/2023\/02\/luberon-1.png\",\"datePublished\":\"2023-03-01T08:00:00+00:00\",\"dateModified\":\"2024-11-05T13:00:53+00:00\",\"description\":\"D\u00e9couvrez les secrets du Luberon qui font de cette destination l'endroit id\u00e9al pour des vacances en camping.\",\"breadcrumb\":{\"@id\":\"https:\/\/camping-lariviere.com\/fr\/blog\/pourquoi-le-luberon-est-il-lendroit-ideal-pour-des-vacances-en-camping\/#breadcrumb\"},\"inLanguage\":\"fr-FR\",\"potentialAction\":[{\"@type\":\"ReadAction\",\"target\":[\"https:\/\/camping-lariviere.com\/fr\/blog\/pourquoi-le-luberon-est-il-lendroit-ideal-pour-des-vacances-en-camping\/\"]}]},{\"@type\":\"ImageObject\",\"inLanguage\":\"fr-FR\",\"@id\":\"https:\/\/camping-lariviere.com\/fr\/blog\/pourquoi-le-luberon-est-il-lendroit-ideal-pour-des-vacances-en-camping\/#primaryimage\",\"url\":\"https:\/\/camping-lariviere.com\/wp-content\/uploads\/2023\/02\/luberon-1.png\",\"contentUrl\":\"https:\/\/camping-lariviere.com\/wp-content\/uploads\/2023\/02\/luberon-1.png\",\"width\":1434,\"height\":453,\"caption\":\"pourquoi luberon destination vacances\"},{\"@type\":\"BreadcrumbList\",\"@id\":\"https:\/\/camping-lariviere.com\/fr\/blog\/pourquoi-le-luberon-est-il-lendroit-ideal-pour-des-vacances-en-camping\/#breadcrumb\",\"itemListElement\":[{\"@type\":\"ListItem\",\"position\":1,\"name\":\"Camping Luberon\",\"item\":\"https:\/\/camping-lariviere.com\/fr\/\"},{\"@type\":\"ListItem\",\"position\":2,\"name\":\"Blog\",\"item\":\"https:\/\/camping-lariviere.com\/fr\/blog\/\"},{\"@type\":\"ListItem\",\"position\":3,\"name\":\"Pourquoi le Lub\u00e9ron est-il l&rsquo;endroit id\u00e9al pour des vacances en camping ?\"}]},{\"@type\":\"WebSite\",\"@id\":\"https:\/\/camping-lariviere.com\/fr\/#website\",\"url\":\"https:\/\/camping-lariviere.com\/fr\/\",\"name\":\"Camping la Rivi\u00e8re\",\"description\":\"\",\"publisher\":{\"@id\":\"https:\/\/camping-lariviere.com\/fr\/#organization\"},\"potentialAction\":[{\"@type\":\"SearchAction\",\"target\":{\"@type\":\"EntryPoint\",\"urlTemplate\":\"https:\/\/camping-lariviere.com\/fr\/?s={search_term_string}\"},\"query-input\":{\"@type\":\"PropertyValueSpecification\",\"valueRequired\":true,\"valueName\":\"search_term_string\"}}],\"inLanguage\":\"fr-FR\"},{\"@type\":\"Organization\",\"@id\":\"https:\/\/camping-lariviere.com\/fr\/#organization\",\"name\":\"Camping La Rivi\u00e8re\",\"url\":\"https:\/\/camping-lariviere.com\/fr\/\",\"logo\":{\"@type\":\"ImageObject\",\"inLanguage\":\"fr-FR\",\"@id\":\"https:\/\/camping-lariviere.com\/fr\/#\/schema\/logo\/image\/\",\"url\":\"https:\/\/camping-lariviere.com\/wp-content\/uploads\/2020\/10\/camping-la-riviere-logo.png\",\"contentUrl\":\"https:\/\/camping-lariviere.com\/wp-content\/uploads\/2020\/10\/camping-la-riviere-logo.png\",\"width\":260,\"height\":210,\"caption\":\"Camping La Rivi\u00e8re\"},\"image\":{\"@id\":\"https:\/\/camping-lariviere.com\/fr\/#\/schema\/logo\/image\/\"}},{\"@type\":\"Person\",\"@id\":\"https:\/\/camping-lariviere.com\/fr\/#\/schema\/person\/ff82ca21b42fedc77dec3002e6af69af\",\"name\":\"@dmin64\",\"image\":{\"@type\":\"ImageObject\",\"inLanguage\":\"fr-FR\",\"@id\":\"https:\/\/camping-lariviere.com\/fr\/#\/schema\/person\/image\/\",\"url\":\"https:\/\/secure.gravatar.com\/avatar\/503b39f80470d15a0ca6b6ddbe30d331780e39df5ca1b28cd6c77ea69c00d764?s=96&d=mm&r=g\",\"contentUrl\":\"https:\/\/secure.gravatar.com\/avatar\/503b39f80470d15a0ca6b6ddbe30d331780e39df5ca1b28cd6c77ea69c00d764?s=96&d=mm&r=g\",\"caption\":\"@dmin64\"},\"sameAs\":[\"http:\/\/www.camping-eden-savoie.com\"]}]}<\/script>\n<!-- \/ Yoast SEO plugin. -->","yoast_head_json":{"title":"Pourquoi le Luberon est l'endroit id\u00e9al pour des vacances en camping ?","description":"D\u00e9couvrez les secrets du Luberon qui font de cette destination l'endroit id\u00e9al pour des vacances en camping.","robots":{"index":"index","follow":"follow","max-snippet":"max-snippet:-1","max-image-preview":"max-image-preview:large","max-video-preview":"max-video-preview:-1"},"canonical":"https:\/\/camping-lariviere.com\/fr\/blog\/pourquoi-le-luberon-est-il-lendroit-ideal-pour-des-vacances-en-camping\/","og_locale":"fr_FR","og_type":"article","og_title":"Pourquoi le Luberon est l'endroit id\u00e9al pour des vacances en camping ?","og_description":"D\u00e9couvrez les secrets du Luberon qui font de cette destination l'endroit id\u00e9al pour des vacances en camping.","og_url":"https:\/\/camping-lariviere.com\/fr\/blog\/pourquoi-le-luberon-est-il-lendroit-ideal-pour-des-vacances-en-camping\/","og_site_name":"Camping la Rivi\u00e8re","article_published_time":"2023-03-01T08:00:00+00:00","article_modified_time":"2024-11-05T13:00:53+00:00","og_image":[{"width":1434,"height":453,"url":"https:\/\/camping-lariviere.com\/wp-content\/uploads\/2023\/02\/luberon-1.png","type":"image\/png"}],"author":"@dmin64","twitter_card":"summary_large_image","twitter_misc":{"\u00c9crit par":"@dmin64","Dur\u00e9e de lecture estim\u00e9e":"4 minutes"},"schema":{"@context":"https:\/\/schema.org","@graph":[{"@type":"Article","@id":"https:\/\/camping-lariviere.com\/fr\/blog\/pourquoi-le-luberon-est-il-lendroit-ideal-pour-des-vacances-en-camping\/#article","isPartOf":{"@id":"https:\/\/camping-lariviere.com\/fr\/blog\/pourquoi-le-luberon-est-il-lendroit-ideal-pour-des-vacances-en-camping\/"},"author":{"name":"@dmin64","@id":"https:\/\/camping-lariviere.com\/fr\/#\/schema\/person\/ff82ca21b42fedc77dec3002e6af69af"},"headline":"Pourquoi le Lub\u00e9ron est-il l&rsquo;endroit id\u00e9al pour des vacances en camping ?","datePublished":"2023-03-01T08:00:00+00:00","dateModified":"2024-11-05T13:00:53+00:00","mainEntityOfPage":{"@id":"https:\/\/camping-lariviere.com\/fr\/blog\/pourquoi-le-luberon-est-il-lendroit-ideal-pour-des-vacances-en-camping\/"},"wordCount":663,"publisher":{"@id":"https:\/\/camping-lariviere.com\/fr\/#organization"},"image":{"@id":"https:\/\/camping-lariviere.com\/fr\/blog\/pourquoi-le-luberon-est-il-lendroit-ideal-pour-des-vacances-en-camping\/#primaryimage"},"thumbnailUrl":"https:\/\/camping-lariviere.com\/wp-content\/uploads\/2023\/02\/luberon-1.png","articleSection":["Blog"],"inLanguage":"fr-FR"},{"@type":"WebPage","@id":"https:\/\/camping-lariviere.com\/fr\/blog\/pourquoi-le-luberon-est-il-lendroit-ideal-pour-des-vacances-en-camping\/","url":"https:\/\/camping-lariviere.com\/fr\/blog\/pourquoi-le-luberon-est-il-lendroit-ideal-pour-des-vacances-en-camping\/","name":"Pourquoi le Luberon est l'endroit id\u00e9al pour des vacances en camping ?","isPartOf":{"@id":"https:\/\/camping-lariviere.com\/fr\/#website"},"primaryImageOfPage":{"@id":"https:\/\/camping-lariviere.com\/fr\/blog\/pourquoi-le-luberon-est-il-lendroit-ideal-pour-des-vacances-en-camping\/#primaryimage"},"image":{"@id":"https:\/\/camping-lariviere.com\/fr\/blog\/pourquoi-le-luberon-est-il-lendroit-ideal-pour-des-vacances-en-camping\/#primaryimage"},"thumbnailUrl":"https:\/\/camping-lariviere.com\/wp-content\/uploads\/2023\/02\/luberon-1.png","datePublished":"2023-03-01T08:00:00+00:00","dateModified":"2024-11-05T13:00:53+00:00","description":"D\u00e9couvrez les secrets du Luberon qui font de cette destination l'endroit id\u00e9al pour des vacances en camping.","breadcrumb":{"@id":"https:\/\/camping-lariviere.com\/fr\/blog\/pourquoi-le-luberon-est-il-lendroit-ideal-pour-des-vacances-en-camping\/#breadcrumb"},"inLanguage":"fr-FR","potentialAction":[{"@type":"ReadAction","target":["https:\/\/camping-lariviere.com\/fr\/blog\/pourquoi-le-luberon-est-il-lendroit-ideal-pour-des-vacances-en-camping\/"]}]},{"@type":"ImageObject","inLanguage":"fr-FR","@id":"https:\/\/camping-lariviere.com\/fr\/blog\/pourquoi-le-luberon-est-il-lendroit-ideal-pour-des-vacances-en-camping\/#primaryimage","url":"https:\/\/camping-lariviere.com\/wp-content\/uploads\/2023\/02\/luberon-1.png","contentUrl":"https:\/\/camping-lariviere.com\/wp-content\/uploads\/2023\/02\/luberon-1.png","width":1434,"height":453,"caption":"pourquoi luberon destination vacances"},{"@type":"BreadcrumbList","@id":"https:\/\/camping-lariviere.com\/fr\/blog\/pourquoi-le-luberon-est-il-lendroit-ideal-pour-des-vacances-en-camping\/#breadcrumb","itemListElement":[{"@type":"ListItem","position":1,"name":"Camping Luberon","item":"https:\/\/camping-lariviere.com\/fr\/"},{"@type":"ListItem","position":2,"name":"Blog","item":"https:\/\/camping-lariviere.com\/fr\/blog\/"},{"@type":"ListItem","position":3,"name":"Pourquoi le Lub\u00e9ron est-il l&rsquo;endroit id\u00e9al pour des vacances en camping ?"}]},{"@type":"WebSite","@id":"https:\/\/camping-lariviere.com\/fr\/#website","url":"https:\/\/camping-lariviere.com\/fr\/","name":"Camping la Rivi\u00e8re","description":"","publisher":{"@id":"https:\/\/camping-lariviere.com\/fr\/#organization"},"potentialAction":[{"@type":"SearchAction","target":{"@type":"EntryPoint","urlTemplate":"https:\/\/camping-lariviere.com\/fr\/?s={search_term_string}"},"query-input":{"@type":"PropertyValueSpecification","valueRequired":true,"valueName":"search_term_string"}}],"inLanguage":"fr-FR"},{"@type":"Organization","@id":"https:\/\/camping-lariviere.com\/fr\/#organization","name":"Camping La Rivi\u00e8re","url":"https:\/\/camping-lariviere.com\/fr\/","logo":{"@type":"ImageObject","inLanguage":"fr-FR","@id":"https:\/\/camping-lariviere.com\/fr\/#\/schema\/logo\/image\/","url":"https:\/\/camping-lariviere.com\/wp-content\/uploads\/2020\/10\/camping-la-riviere-logo.png","contentUrl":"https:\/\/camping-lariviere.com\/wp-content\/uploads\/2020\/10\/camping-la-riviere-logo.png","width":260,"height":210,"caption":"Camping La Rivi\u00e8re"},"image":{"@id":"https:\/\/camping-lariviere.com\/fr\/#\/schema\/logo\/image\/"}},{"@type":"Person","@id":"https:\/\/camping-lariviere.com\/fr\/#\/schema\/person\/ff82ca21b42fedc77dec3002e6af69af","name":"@dmin64","image":{"@type":"ImageObject","inLanguage":"fr-FR","@id":"https:\/\/camping-lariviere.com\/fr\/#\/schema\/person\/image\/","url":"https:\/\/secure.gravatar.com\/avatar\/503b39f80470d15a0ca6b6ddbe30d331780e39df5ca1b28cd6c77ea69c00d764?s=96&d=mm&r=g","contentUrl":"https:\/\/secure.gravatar.com\/avatar\/503b39f80470d15a0ca6b6ddbe30d331780e39df5ca1b28cd6c77ea69c00d764?s=96&d=mm&r=g","caption":"@dmin64"},"sameAs":["http:\/\/www.camping-eden-savoie.com"]}]}},"_links":{"self":[{"href":"https:\/\/camping-lariviere.com\/fr\/wp-json\/wp\/v2\/posts\/6149","targetHints":{"allow":["GET"]}}],"collection":[{"href":"https:\/\/camping-lariviere.com\/fr\/wp-json\/wp\/v2\/posts"}],"about":[{"href":"https:\/\/camping-lariviere.com\/fr\/wp-json\/wp\/v2\/types\/post"}],"author":[{"embeddable":true,"href":"https:\/\/camping-lariviere.com\/fr\/wp-json\/wp\/v2\/users\/1"}],"replies":[{"embeddable":true,"href":"https:\/\/camping-lariviere.com\/fr\/wp-json\/wp\/v2\/comments?post=6149"}],"version-history":[{"count":3,"href":"https:\/\/camping-lariviere.com\/fr\/wp-json\/wp\/v2\/posts\/6149\/revisions"}],"predecessor-version":[{"id":6940,"href":"https:\/\/camping-lariviere.com\/fr\/wp-json\/wp\/v2\/posts\/6149\/revisions\/6940"}],"wp:featuredmedia":[{"embeddable":true,"href":"https:\/\/camping-lariviere.com\/fr\/wp-json\/wp\/v2\/media\/6153"}],"wp:attachment":[{"href":"https:\/\/camping-lariviere.com\/fr\/wp-json\/wp\/v2\/media?parent=6149"}],"wp:term":[{"taxonomy":"category","embeddable":true,"href":"https:\/\/camping-lariviere.com\/fr\/wp-json\/wp\/v2\/categories?post=6149"},{"taxonomy":"post_tag","embeddable":true,"href":"https:\/\/camping-lariviere.com\/fr\/wp-json\/wp\/v2\/tags?post=6149"}],"curies":[{"name":"wp","href":"https:\/\/api.w.org\/{rel}","templated":true}]}}